{"id":3981,"date":"2015-09-13T09:56:50","date_gmt":"2015-09-13T07:56:50","guid":{"rendered":"https:\/\/www.viktoria-preussen.de\/wirsehenuns\/?p=3981"},"modified":"2015-09-13T09:56:50","modified_gmt":"2015-09-13T07:56:50","slug":"g-1-klarer-sieg-zum-saisonauftakt-gegen-den-sv-07-heddernheim","status":"publish","type":"post","link":"https:\/\/www.viktoria-preussen.de\/wirsehenuns\/2015\/g-1-klarer-sieg-zum-saisonauftakt-gegen-den-sv-07-heddernheim\/","title":{"rendered":"G-1: Klarer Sieg zum Saisonauftakt gegen den SV 07 Heddernheim"},"content":{"rendered":"<p><a href=\"https:\/\/www.viktoria-preussen.de\/wirsehenuns\/wp-content\/uploads\/2015\/09\/000-Heddernheim-12.09.15-468x352.jpg\"><img loading=\"lazy\" decoding=\"async\" class=\"alignnone wp-image-3982\" src=\"https:\/\/www.viktoria-preussen.de\/wirsehenuns\/wp-content\/uploads\/2015\/09\/000-Heddernheim-12.09.15-468x352-300x226.jpg\" alt=\"000 Heddernheim 12.09.15 468x352\" width=\"470\" height=\"354\" srcset=\"https:\/\/www.viktoria-preussen.de\/wirsehenuns\/wp-content\/uploads\/2015\/09\/000-Heddernheim-12.09.15-468x352-300x226.jpg 300w, https:\/\/www.viktoria-preussen.de\/wirsehenuns\/wp-content\/uploads\/2015\/09\/000-Heddernheim-12.09.15-468x352.jpg 468w\" sizes=\"auto, (max-width: 470px) 100vw, 470px\" \/><\/a><\/p>\n<p>Mit einem \u00fcberzeugenden 6:2 Heimsieg startete die G1 in die neue Kreisklassenrunde 2015\/2016. Somit gelang den Preu\u00dfen auch eine Art Revanche f\u00fcr die ungl\u00fcckliche Finalniederlage eine Woche zuvor beim Turnier in Oberrad.<\/p>\n<p><!--more--><\/p>\n<p>Die G1 Team begann konzentriert und k\u00e4mpferisch. Schnell stand es 2:0 durch Tore von Marco und Luka. Mitte der ersten Halbzeit kamen die Heddernheimer aber, lautstark unterst\u00fctzt von ihrem Anhang, zur\u00fcck. Zun\u00e4chst gelang ihnen der Anschlusstreffer. Luis verhinderte danach mit eine guten Parade den Ausgleich. Das 2:2 fiel aber kurz vor der Halbzeit doch noch durch einen Abstauber.<\/p>\n<p><a href=\"https:\/\/www.viktoria-preussen.de\/wirsehenuns\/wp-content\/uploads\/2015\/09\/001-Heddernheim-12.09.15-468x352.jpg\"><img loading=\"lazy\" decoding=\"async\" class=\"alignnone wp-image-3983\" src=\"https:\/\/www.viktoria-preussen.de\/wirsehenuns\/wp-content\/uploads\/2015\/09\/001-Heddernheim-12.09.15-468x352-300x226.jpg\" alt=\"001 Heddernheim 12.09.15 468x352\" width=\"465\" height=\"350\" srcset=\"https:\/\/www.viktoria-preussen.de\/wirsehenuns\/wp-content\/uploads\/2015\/09\/001-Heddernheim-12.09.15-468x352-300x226.jpg 300w, https:\/\/www.viktoria-preussen.de\/wirsehenuns\/wp-content\/uploads\/2015\/09\/001-Heddernheim-12.09.15-468x352.jpg 468w\" sizes=\"auto, (max-width: 465px) 100vw, 465px\" \/><\/a><\/p>\n<p>Nach dem Seitenwechsel drehten die Preussen auf. Anfeuerungen von Preussen-Fans motivierten die Spieler zus\u00e4tzlich Oualid brachte die G1-Mannschaft mit dem 3:2 wieder auf die Siegerstra\u00dfe. Marco erh\u00f6hte kurz danach auf 4:2. Der Heddernheimer Anhang war nun extrem ruhig. Das G1-Team lie\u00df zwar noch weitere Chancen liegen, aber Oualid setzte mit einem Doppelschlag den Schlusspunkt. Erw\u00e4hnenswert war das 5:2. Oualid verwandelt mit Hilfe des Heddernheimer Torwarts einen Eckball direkt.<\/p>\n<p>Spieler: Djamal, Oualid, Marco, Luka, Luis, Felix, Poyraz, Dusan, Giacomo, Elia, Fares<br \/>\nvon: O.S.<\/p>\n","protected":false},"excerpt":{"rendered":"<p>Mit einem \u00fcberzeugenden 6:2 Heimsieg startete die G1 in die neue Kreisklassenrunde 2015\/2016. Somit gelang den Preu\u00dfen auch eine Art Revanche f\u00fcr die ungl\u00fcckliche Finalniederlage eine Woche zuvor beim Turnier in Oberrad.<\/p>\n","protected":false},"author":2,"featured_media":0,"comment_status":"open","ping_status":"open","sticky":false,"template":"","format":"standard","meta":{"footnotes":""},"categories":[2],"tags":[],"class_list":["post-3981","post","type-post","status-publish","format-standard","hentry","category-g1-junioren"],"_links":{"self":[{"href":"https:\/\/www.viktoria-preussen.de\/wirsehenuns\/wp-json\/wp\/v2\/posts\/3981","targetHints":{"allow":["GET"]}}],"collection":[{"href":"https:\/\/www.viktoria-preussen.de\/wirsehenuns\/wp-json\/wp\/v2\/posts"}],"about":[{"href":"https:\/\/www.viktoria-preussen.de\/wirsehenuns\/wp-json\/wp\/v2\/types\/post"}],"author":[{"embeddable":true,"href":"https:\/\/www.viktoria-preussen.de\/wirsehenuns\/wp-json\/wp\/v2\/users\/2"}],"replies":[{"embeddable":true,"href":"https:\/\/www.viktoria-preussen.de\/wirsehenuns\/wp-json\/wp\/v2\/comments?post=3981"}],"version-history":[{"count":1,"href":"https:\/\/www.viktoria-preussen.de\/wirsehenuns\/wp-json\/wp\/v2\/posts\/3981\/revisions"}],"predecessor-version":[{"id":3984,"href":"https:\/\/www.viktoria-preussen.de\/wirsehenuns\/wp-json\/wp\/v2\/posts\/3981\/revisions\/3984"}],"wp:attachment":[{"href":"https:\/\/www.viktoria-preussen.de\/wirsehenuns\/wp-json\/wp\/v2\/media?parent=3981"}],"wp:term":[{"taxonomy":"category","embeddable":true,"href":"https:\/\/www.viktoria-preussen.de\/wirsehenuns\/wp-json\/wp\/v2\/categories?post=3981"},{"taxonomy":"post_tag","embeddable":true,"href":"https:\/\/www.viktoria-preussen.de\/wirsehenuns\/wp-json\/wp\/v2\/tags?post=3981"}],"curies":[{"name":"wp","href":"https:\/\/api.w.org\/{rel}","templated":true}]}}